{"id":3502,"date":"2025-10-03T06:18:55","date_gmt":"2025-10-03T06:18:55","guid":{"rendered":"https:\/\/www.magyarkeresztur.hu\/?p=3502"},"modified":"2025-10-03T07:35:25","modified_gmt":"2025-10-03T07:35:25","slug":"bursa-hungarica-osztondij-palyazat-2026","status":"publish","type":"post","link":"https:\/\/www.magyarkeresztur.hu\/?p=3502","title":{"rendered":"BURSA HUNGARICA \u00d6szt\u00f6nd\u00edj P\u00e1ly\u00e1zat 2026."},"content":{"rendered":"\t\t<div data-elementor-type=\"wp-post\" data-elementor-id=\"3502\" class=\"elementor elementor-3502\" data-elementor-settings=\"{&quot;ha_cmc_init_switcher&quot;:&quot;no&quot;}\">\n\t\t\t\t<div class=\"elementor-element elementor-element-40e7d20 e-flex e-con-boxed e-con e-parent\" data-id=\"40e7d20\" data-element_type=\"container\" data-settings=\"{&quot;_ha_eqh_enable&quot;:false}\">\n\t\t\t\t\t<div class=\"e-con-inner\">\n\t\t\t\t<div class=\"elementor-element elementor-element-d9ce1f9 elementor-widget elementor-widget-image\" data-id=\"d9ce1f9\" data-element_type=\"widget\" data-widget_type=\"image.default\">\n\t\t\t\t\t\t\t\t\t\t\t\t\t\t\t<img fetchpriority=\"high\" decoding=\"async\" width=\"700\" height=\"547\" src=\"https:\/\/www.magyarkeresztur.hu\/wp-content\/uploads\/2025\/10\/mk_bursa_2026.png\" class=\"attachment-large size-large wp-image-3504\" alt=\"\" srcset=\"https:\/\/www.magyarkeresztur.hu\/wp-content\/uploads\/2025\/10\/mk_bursa_2026.png 700w, https:\/\/www.magyarkeresztur.hu\/wp-content\/uploads\/2025\/10\/mk_bursa_2026-300x234.png 300w\" sizes=\"(max-width: 700px) 100vw, 700px\" \/>\t\t\t\t\t\t\t\t\t\t\t\t\t\t\t<\/div>\n\t\t\t\t\t<\/div>\n\t\t\t\t<\/div>\n\t\t<div class=\"elementor-element elementor-element-b01e5a0 e-flex e-con-boxed e-con e-parent\" data-id=\"b01e5a0\" data-element_type=\"container\" data-settings=\"{&quot;_ha_eqh_enable&quot;:false}\">\n\t\t\t\t\t<div class=\"e-con-inner\">\n\t\t\t\t<div class=\"elementor-element elementor-element-243f80e elementor-widget elementor-widget-spacer\" data-id=\"243f80e\" data-element_type=\"widget\" data-widget_type=\"spacer.default\">\n\t\t\t\t\t\t\t<div class=\"elementor-spacer\">\n\t\t\t<div class=\"elementor-spacer-inner\"><\/div>\n\t\t<\/div>\n\t\t\t\t\t\t<\/div>\n\t\t\t\t\t<\/div>\n\t\t\t\t<\/div>\n\t\t<div class=\"elementor-element elementor-element-c35012f e-flex e-con-boxed e-con e-parent\" data-id=\"c35012f\" data-element_type=\"container\" data-settings=\"{&quot;_ha_eqh_enable&quot;:false}\">\n\t\t\t\t\t<div class=\"e-con-inner\">\n\t\t\t\t<div class=\"elementor-element elementor-element-6ce0151 elementor-widget elementor-widget-text-editor\" data-id=\"6ce0151\" data-element_type=\"widget\" data-widget_type=\"text-editor.default\">\n\t\t\t\t\t\t\t\t\t<p><strong>BURSA HUNGARICA 2026.<\/strong><\/p><p>\u00c9rtes\u00edtj\u00fck a fels\u0151oktat\u00e1s rendszer\u00e9ben tanulm\u00e1nyokat kezd\u0151, vagy tanulm\u00e1nyokat folytat\u00f3 lakosainkat, hogy Magyarkereszt\u00far K\u00f6zs\u00e9g \u00d6nkorm\u00e1nyzata id\u00e9n is csatlakozott a Bursa Hungarica Fels\u0151oktat\u00e1si \u00d6nkorm\u00e1nyzati \u00d6szt\u00f6nd\u00edjp\u00e1ly\u00e1zat 2026. \u00e9vi fordul\u00f3j\u00e1hoz.<\/p><p><strong>A p\u00e1ly\u00e1zat beny\u00fajt\u00e1s\u00e1nak hat\u00e1rideje: 2025. november 4.<\/strong><\/p><p>A p\u00e1ly\u00e1zati ki\u00edr\u00e1sok megtekinthet\u0151k a k\u00f6zs\u00e9g honlapj\u00e1n a <strong><a href=\"https:\/\/www.magyarkeresztur.hu\/?page_id=1969\" target=\"_blank\" rel=\"noopener\">dokumentumt\u00e1r<\/a><\/strong> men\u00fcpont alatt:<\/p><p>A p\u00e1ly\u00e1zati r\u00e9szletei \u00e9s a sz\u00fcks\u00e9ges \u0171rlap internetes regisztr\u00e1ci\u00f3t k\u00f6vet\u0151en t\u00f6lthet\u0151 le \u00e9s nyomtathat\u00f3 ki a k\u00f6vetkez\u0151 hivatkoz\u00e1son:\u00a0<br \/><strong><a href=\"https:\/\/emet.gov.hu\/kategoria\/kiemelt-kategoriak\/palyazatok\/aktualis-felhivasok\/bursa-hungarica\/bursa-hugarica-2026\/\">https:\/\/emet.gov.hu\/kategoria\/kiemelt-kategoriak\/palyazatok\/aktualis-felhivasok\/bursa-hungarica\/bursa-hugarica-2026\/<\/a><\/strong><\/p><p>A szem\u00e9lyes \u00e9s p\u00e1ly\u00e1zati adatok felt\u00f6lt\u00e9s\u00e9t k\u00f6vet\u0151en a p\u00e1ly\u00e1zati \u0171rlapot kinyomtatva \u00e9s al\u00e1\u00edrva kell hivatalunkn\u00e1l egy p\u00e9ld\u00e1nyban beny\u00fajtani a p\u00e1ly\u00e1zati ki\u00edr\u00e1sban meghat\u00e1rozott csatoland\u00f3 mell\u00e9kletekkel egy\u00fctt. A p\u00e1ly\u00e1zat beny\u00fajt\u00e1s\u00e1nak helye:<\/p><p><strong>Magyarkereszt\u00far K\u00f6zs\u00e9g \u00d6nkorm\u00e1nyzata<br \/>9346 Magyarkereszt\u00far, Kossuth Lajos utca 42.<\/strong><\/p><p><strong>(Beny\u00fajt\u00e1si hat\u00e1rid\u0151 elmulaszt\u00e1sa jogveszt\u0151!)<\/strong><\/p>\t\t\t\t\t\t\t\t<\/div>\n\t\t\t\t\t<\/div>\n\t\t\t\t<\/div>\n\t\t\t\t<\/div>\n\t\t","protected":false},"excerpt":{"rendered":"<p>BURSA HUNGARICA 2026. \u00c9rtes\u00edtj\u00fck a fels\u0151oktat\u00e1s rendszer\u00e9ben tanulm\u00e1nyokat kezd\u0151, vagy tanulm\u00e1nyokat folytat\u00f3 lakosainkat, hogy Magyarkereszt\u00far K\u00f6zs\u00e9g \u00d6nkorm\u00e1nyzata id\u00e9n is csatlakozott a Bursa Hungarica Fels\u0151oktat\u00e1si \u00d6nkorm\u00e1nyzati \u00d6szt\u00f6nd\u00edjp\u00e1ly\u00e1zat 2026. \u00e9vi fordul\u00f3j\u00e1hoz. A p\u00e1ly\u00e1zat beny\u00fajt\u00e1s\u00e1nak hat\u00e1rideje: 2025. november 4. A p\u00e1ly\u00e1zati ki\u00edr\u00e1sok megtekinthet\u0151k a k\u00f6zs\u00e9g honlapj\u00e1n a dokumentumt\u00e1r men\u00fcpont alatt: A p\u00e1ly\u00e1zati r\u00e9szletei \u00e9s a sz\u00fcks\u00e9ges \u0171rlap internetes [&hellip;]<\/p>\n","protected":false},"author":1,"featured_media":0,"comment_status":"closed","ping_status":"","sticky":false,"template":"","format":"standard","meta":{"zakra_page_container_layout":"customizer","zakra_page_sidebar_layout":"customizer","zakra_remove_content_margin":false,"zakra_sidebar":"customizer","zakra_transparent_header":"customizer","zakra_logo":0,"zakra_main_header_style":"default","zakra_menu_item_color":"","zakra_menu_item_hover_color":"","zakra_menu_item_active_color":"","zakra_menu_active_style":"","zakra_page_header":true,"footnotes":""},"categories":[46,47],"tags":[],"class_list":["post-3502","post","type-post","status-publish","format-standard","hentry","category-aktualitas","category-palyazat"],"rttpg_featured_image_url":null,"rttpg_author":{"display_name":"mkr_admin","author_link":"https:\/\/www.magyarkeresztur.hu\/?author=1"},"rttpg_comment":0,"rttpg_category":"<a href=\"https:\/\/www.magyarkeresztur.hu\/?cat=46\" rel=\"category\">Aktualit\u00e1s<\/a> <a href=\"https:\/\/www.magyarkeresztur.hu\/?cat=47\" rel=\"category\">P\u00e1ly\u00e1zat<\/a>","rttpg_excerpt":"BURSA HUNGARICA 2026. \u00c9rtes\u00edtj\u00fck a fels\u0151oktat\u00e1s rendszer\u00e9ben tanulm\u00e1nyokat kezd\u0151, vagy tanulm\u00e1nyokat folytat\u00f3 lakosainkat, hogy Magyarkereszt\u00far K\u00f6zs\u00e9g \u00d6nkorm\u00e1nyzata id\u00e9n is csatlakozott a Bursa Hungarica Fels\u0151oktat\u00e1si \u00d6nkorm\u00e1nyzati \u00d6szt\u00f6nd\u00edjp\u00e1ly\u00e1zat 2026. \u00e9vi fordul\u00f3j\u00e1hoz. A p\u00e1ly\u00e1zat beny\u00fajt\u00e1s\u00e1nak hat\u00e1rideje: 2025. november 4. A p\u00e1ly\u00e1zati ki\u00edr\u00e1sok megtekinthet\u0151k a k\u00f6zs\u00e9g honlapj\u00e1n a dokumentumt\u00e1r men\u00fcpont alatt: A p\u00e1ly\u00e1zati r\u00e9szletei \u00e9s a sz\u00fcks\u00e9ges \u0171rlap internetes&hellip;","_links":{"self":[{"href":"https:\/\/www.magyarkeresztur.hu\/index.php?rest_route=\/wp\/v2\/posts\/3502","targetHints":{"allow":["GET"]}}],"collection":[{"href":"https:\/\/www.magyarkeresztur.hu\/index.php?rest_route=\/wp\/v2\/posts"}],"about":[{"href":"https:\/\/www.magyarkeresztur.hu\/index.php?rest_route=\/wp\/v2\/types\/post"}],"author":[{"embeddable":true,"href":"https:\/\/www.magyarkeresztur.hu\/index.php?rest_route=\/wp\/v2\/users\/1"}],"replies":[{"embeddable":true,"href":"https:\/\/www.magyarkeresztur.hu\/index.php?rest_route=%2Fwp%2Fv2%2Fcomments&post=3502"}],"version-history":[{"count":8,"href":"https:\/\/www.magyarkeresztur.hu\/index.php?rest_route=\/wp\/v2\/posts\/3502\/revisions"}],"predecessor-version":[{"id":3518,"href":"https:\/\/www.magyarkeresztur.hu\/index.php?rest_route=\/wp\/v2\/posts\/3502\/revisions\/3518"}],"wp:attachment":[{"href":"https:\/\/www.magyarkeresztur.hu\/index.php?rest_route=%2Fwp%2Fv2%2Fmedia&parent=3502"}],"wp:term":[{"taxonomy":"category","embeddable":true,"href":"https:\/\/www.magyarkeresztur.hu\/index.php?rest_route=%2Fwp%2Fv2%2Fcategories&post=3502"},{"taxonomy":"post_tag","embeddable":true,"href":"https:\/\/www.magyarkeresztur.hu\/index.php?rest_route=%2Fwp%2Fv2%2Ftags&post=3502"}],"curies":[{"name":"wp","href":"https:\/\/api.w.org\/{rel}","templated":true}]}}