{"id":2882,"date":"2025-04-01T09:41:51","date_gmt":"2025-04-01T09:41:51","guid":{"rendered":"https:\/\/www.magyarkeresztur.hu\/?p=2882"},"modified":"2025-04-01T09:42:13","modified_gmt":"2025-04-01T09:42:13","slug":"tajekoztatas-ragados-szaj-es-koromfajas-jarvanyrol","status":"publish","type":"post","link":"https:\/\/www.magyarkeresztur.hu\/?p=2882","title":{"rendered":"T\u00e1j\u00e9koztat\u00e1s ragad\u00f3s sz\u00e1j- \u00e9s k\u00f6r\u00f6mf\u00e1j\u00e1s j\u00e1rv\u00e1nyr\u00f3l"},"content":{"rendered":"\t\t<div data-elementor-type=\"wp-post\" data-elementor-id=\"2882\" class=\"elementor elementor-2882\" data-elementor-settings=\"{&quot;ha_cmc_init_switcher&quot;:&quot;no&quot;}\">\n\t\t\t\t<div class=\"elementor-element elementor-element-0cfb94b e-flex e-con-boxed e-con e-parent\" data-id=\"0cfb94b\" data-element_type=\"container\" data-settings=\"{&quot;_ha_eqh_enable&quot;:false}\">\n\t\t\t\t\t<div class=\"e-con-inner\">\n\t\t\t\t<div class=\"elementor-element elementor-element-2a3397d elementor-widget elementor-widget-text-editor\" data-id=\"2a3397d\" data-element_type=\"widget\" data-widget_type=\"text-editor.default\">\n\t\t\t\t\t\t\t\t\t<div class=\"elementor-element elementor-element-2b83681 e-con-full e-flex wpr-particle-no wpr-jarallax-no wpr-parallax-no wpr-sticky-section-no e-con e-parent e-lazyloaded\" data-id=\"2b83681\" data-element_type=\"container\" data-settings=\"{&quot;_ha_eqh_enable&quot;:false}\"><div class=\"elementor-element elementor-element-f2082dd elementor-widget elementor-widget-text-editor\" data-id=\"f2082dd\" data-element_type=\"widget\" data-widget_type=\"text-editor.default\"><div class=\"elementor-widget-container\"><p>Tisztelt Lakoss\u00e1g!\u00a0 <br \/>Tisztelt \u00c1llattart\u00f3k!<br \/><br \/>\u00a0A megy\u00e9nkben s\u00falyosbod\u00f3 ragad\u00f3s sz\u00e1j- \u00e9s k\u00f6r\u00f6mf\u00e1j\u00e1s lek\u00fczd\u00e9se \u00e9rdek\u00e9ben hozott int\u00e9zked\u00e9sekr\u0151l az al\u00e1bbiakban olvashatnak a Gy\u0151r-Moson-Sopron V\u00e1rmegyei Korm\u00e1nyhivatal\u00a0 \u00e9s Dr. P\u00e1sztor Szabolcs orsz\u00e1gos f\u0151\u00e1llatorvos t\u00e1j\u00e9koztat\u00f3j\u00e1ban.<\/p><p><i>K\u00e9rj\u00fck az \u00e9rintett \u00e1llattart\u00f3kat, hogy lehet\u0151s\u00e9g szerint a le\u00edrtaknak megfelel\u0151en j\u00e1rjanak el.<\/i><\/p><\/div><\/div><\/div><div class=\"elementor-element elementor-element-97dcc1b e-flex e-con-boxed wpr-particle-no wpr-jarallax-no wpr-parallax-no wpr-sticky-section-no e-con e-parent e-lazyloaded\" data-id=\"97dcc1b\" data-element_type=\"container\" data-settings=\"{&quot;_ha_eqh_enable&quot;:false}\"><div class=\"e-con-inner\"><div class=\"elementor-element elementor-element-1194575 elementor-widget elementor-widget-spacer\" data-id=\"1194575\" data-element_type=\"widget\" data-widget_type=\"spacer.default\"><div class=\"elementor-widget-container\"><div class=\"elementor-spacer\"><div class=\"elementor-spacer-inner\">\u00a0<\/div><\/div><\/div><\/div><\/div><\/div>\t\t\t\t\t\t\t\t<\/div>\n\t\t\t\t\t<\/div>\n\t\t\t\t<\/div>\n\t\t<div class=\"elementor-element elementor-element-fcae396 e-flex e-con-boxed e-con e-parent\" data-id=\"fcae396\" data-element_type=\"container\" data-settings=\"{&quot;_ha_eqh_enable&quot;:false}\">\n\t\t\t\t\t<div class=\"e-con-inner\">\n\t\t\t\t<div class=\"elementor-element elementor-element-860d23f elementor-widget elementor-widget-spacer\" data-id=\"860d23f\" data-element_type=\"widget\" data-widget_type=\"spacer.default\">\n\t\t\t\t\t\t\t<div class=\"elementor-spacer\">\n\t\t\t<div class=\"elementor-spacer-inner\"><\/div>\n\t\t<\/div>\n\t\t\t\t\t\t<\/div>\n\t\t\t\t\t<\/div>\n\t\t\t\t<\/div>\n\t\t<div class=\"elementor-element elementor-element-6e7f96f e-flex e-con-boxed e-con e-parent\" data-id=\"6e7f96f\" data-element_type=\"container\" data-settings=\"{&quot;_ha_eqh_enable&quot;:false}\">\n\t\t\t\t\t<div class=\"e-con-inner\">\n\t\t\t\t<div class=\"elementor-element elementor-element-bbdaa9e elementor-widget elementor-widget-ha-pdf-view happy-addon ha-pdf-view\" data-id=\"bbdaa9e\" data-element_type=\"widget\" data-widget_type=\"ha-pdf-view.default\">\n\t\t\t\t\t        <div class=\"pdf_viewer_container\">\n            <div class=\"pdf_viewer_options viewer-bbdaa9e\" data-pdf-settings=\"{&quot;unique_id&quot;:&quot;viewer-bbdaa9e&quot;,&quot;pdf_url&quot;:&quot;https:\\\/\\\/www.magyarkeresztur.hu\\\/wp-content\\\/uploads\\\/2025\\\/04\\\/Tajekoztatas-jarvanyveszelyrol_alairt.pdf&quot;,&quot;file_type&quot;:&quot;url&quot;,&quot;page_number&quot;:&quot;1&quot;,&quot;width&quot;:&quot;100%&quot;,&quot;height&quot;:&quot;600px&quot;}\">\n\t\t\t\t<span class=\"ha-title-flex\">\n\t\t\t\t\t<span class=\"pdf-icon\">\n\t\t\t\t\t\t\t\t\t\t\t<\/span>\n\t\t\t\t\t<h2 class=\"ha-pdf-title\">T\u00e1j\u00e9koztat\u00e1s ragad\u00f3s sz\u00e1j \u00e9s k\u00f6r\u00f6mf\u00e1j\u00e1s j\u00e1rv\u00e1nyr\u00f3l, a megel\u0151z\u00e9s lehet\u0151s\u00e9geir\u0151l!<\/h2>\t\t\t\t<\/span>\n\t\t\t\t                <div class=\"pdf-button\">\n                                <\/div>\n            <\/div>\n\n\t\t\t<div>\n\t\t\t\t<div id=\"viewer-bbdaa9e\"><\/div>\n\t\t\t<\/div>\n\n        <\/div>\n        \t\t\t\t<\/div>\n\t\t\t\t\t<\/div>\n\t\t\t\t<\/div>\n\t\t<div class=\"elementor-element elementor-element-b87611e e-flex e-con-boxed e-con e-parent\" data-id=\"b87611e\" data-element_type=\"container\" data-settings=\"{&quot;_ha_eqh_enable&quot;:false}\">\n\t\t\t\t\t<div class=\"e-con-inner\">\n\t\t\t\t<div class=\"elementor-element elementor-element-679c2e8 elementor-widget elementor-widget-spacer\" data-id=\"679c2e8\" data-element_type=\"widget\" data-widget_type=\"spacer.default\">\n\t\t\t\t\t\t\t<div class=\"elementor-spacer\">\n\t\t\t<div class=\"elementor-spacer-inner\"><\/div>\n\t\t<\/div>\n\t\t\t\t\t\t<\/div>\n\t\t\t\t\t<\/div>\n\t\t\t\t<\/div>\n\t\t<div class=\"elementor-element elementor-element-8e247ee e-flex e-con-boxed e-con e-parent\" data-id=\"8e247ee\" data-element_type=\"container\" data-settings=\"{&quot;_ha_eqh_enable&quot;:false}\">\n\t\t\t\t\t<div class=\"e-con-inner\">\n\t\t\t\t<div class=\"elementor-element elementor-element-2821d1b elementor-widget elementor-widget-ha-pdf-view happy-addon ha-pdf-view\" data-id=\"2821d1b\" data-element_type=\"widget\" data-widget_type=\"ha-pdf-view.default\">\n\t\t\t\t\t        <div class=\"pdf_viewer_container\">\n            <div class=\"pdf_viewer_options viewer-2821d1b\" data-pdf-settings=\"{&quot;unique_id&quot;:&quot;viewer-2821d1b&quot;,&quot;pdf_url&quot;:&quot;https:\\\/\\\/www.magyarkeresztur.hu\\\/wp-content\\\/uploads\\\/2025\\\/04\\\/orszagos-foallatorvosi-tajekoztato.pdf&quot;,&quot;file_type&quot;:&quot;url&quot;,&quot;page_number&quot;:&quot;1&quot;,&quot;width&quot;:&quot;100%&quot;,&quot;height&quot;:&quot;600px&quot;}\">\n\t\t\t\t<span class=\"ha-title-flex\">\n\t\t\t\t\t<span class=\"pdf-icon\">\n\t\t\t\t\t\t\t\t\t\t\t<\/span>\n\t\t\t\t\t<h2 class=\"ha-pdf-title\">Orsz\u00e1gos f\u0151\u00e1llatorvosi t\u00e1j\u00e9koztat\u00e1s<\/h2>\t\t\t\t<\/span>\n\t\t\t\t                <div class=\"pdf-button\">\n                                <\/div>\n            <\/div>\n\n\t\t\t<div>\n\t\t\t\t<div id=\"viewer-2821d1b\"><\/div>\n\t\t\t<\/div>\n\n        <\/div>\n        \t\t\t\t<\/div>\n\t\t\t\t\t<\/div>\n\t\t\t\t<\/div>\n\t\t\t\t<\/div>\n\t\t","protected":false},"excerpt":{"rendered":"<p>Tisztelt Lakoss\u00e1g!\u00a0 Tisztelt \u00c1llattart\u00f3k! \u00a0A megy\u00e9nkben s\u00falyosbod\u00f3 ragad\u00f3s sz\u00e1j- \u00e9s k\u00f6r\u00f6mf\u00e1j\u00e1s lek\u00fczd\u00e9se \u00e9rdek\u00e9ben hozott int\u00e9zked\u00e9sekr\u0151l az al\u00e1bbiakban olvashatnak a Gy\u0151r-Moson-Sopron V\u00e1rmegyei Korm\u00e1nyhivatal\u00a0 \u00e9s Dr. P\u00e1sztor Szabolcs orsz\u00e1gos f\u0151\u00e1llatorvos t\u00e1j\u00e9koztat\u00f3j\u00e1ban. K\u00e9rj\u00fck az \u00e9rintett \u00e1llattart\u00f3kat, hogy lehet\u0151s\u00e9g szerint a le\u00edrtaknak megfelel\u0151en j\u00e1rjanak el. \u00a0 T\u00e1j\u00e9koztat\u00e1s ragad\u00f3s sz\u00e1j \u00e9s k\u00f6r\u00f6mf\u00e1j\u00e1s j\u00e1rv\u00e1nyr\u00f3l, a megel\u0151z\u00e9s lehet\u0151s\u00e9geir\u0151l! Orsz\u00e1gos f\u0151\u00e1llatorvosi t\u00e1j\u00e9koztat\u00e1s<\/p>\n","protected":false},"author":1,"featured_media":0,"comment_status":"closed","ping_status":"closed","sticky":false,"template":"","format":"standard","meta":{"zakra_page_container_layout":"customizer","zakra_page_sidebar_layout":"customizer","zakra_remove_content_margin":false,"zakra_sidebar":"customizer","zakra_transparent_header":"customizer","zakra_logo":0,"zakra_main_header_style":"default","zakra_menu_item_color":"","zakra_menu_item_hover_color":"","zakra_menu_item_active_color":"","zakra_menu_active_style":"","zakra_page_header":true,"footnotes":""},"categories":[46,45],"tags":[],"class_list":["post-2882","post","type-post","status-publish","format-standard","hentry","category-aktualitas","category-kozerdeku"],"rttpg_featured_image_url":null,"rttpg_author":{"display_name":"mkr_admin","author_link":"https:\/\/www.magyarkeresztur.hu\/?author=1"},"rttpg_comment":0,"rttpg_category":"<a href=\"https:\/\/www.magyarkeresztur.hu\/?cat=46\" rel=\"category\">Aktualit\u00e1s<\/a> <a href=\"https:\/\/www.magyarkeresztur.hu\/?cat=45\" rel=\"category\">K\u00f6z\u00e9rdek\u0171<\/a>","rttpg_excerpt":"Tisztelt Lakoss\u00e1g!\u00a0 Tisztelt \u00c1llattart\u00f3k! \u00a0A megy\u00e9nkben s\u00falyosbod\u00f3 ragad\u00f3s sz\u00e1j- \u00e9s k\u00f6r\u00f6mf\u00e1j\u00e1s lek\u00fczd\u00e9se \u00e9rdek\u00e9ben hozott int\u00e9zked\u00e9sekr\u0151l az al\u00e1bbiakban olvashatnak a Gy\u0151r-Moson-Sopron V\u00e1rmegyei Korm\u00e1nyhivatal\u00a0 \u00e9s Dr. P\u00e1sztor Szabolcs orsz\u00e1gos f\u0151\u00e1llatorvos t\u00e1j\u00e9koztat\u00f3j\u00e1ban. K\u00e9rj\u00fck az \u00e9rintett \u00e1llattart\u00f3kat, hogy lehet\u0151s\u00e9g szerint a le\u00edrtaknak megfelel\u0151en j\u00e1rjanak el. \u00a0 T\u00e1j\u00e9koztat\u00e1s ragad\u00f3s sz\u00e1j \u00e9s k\u00f6r\u00f6mf\u00e1j\u00e1s j\u00e1rv\u00e1nyr\u00f3l, a megel\u0151z\u00e9s lehet\u0151s\u00e9geir\u0151l! Orsz\u00e1gos f\u0151\u00e1llatorvosi t\u00e1j\u00e9koztat\u00e1s","_links":{"self":[{"href":"https:\/\/www.magyarkeresztur.hu\/index.php?rest_route=\/wp\/v2\/posts\/2882","targetHints":{"allow":["GET"]}}],"collection":[{"href":"https:\/\/www.magyarkeresztur.hu\/index.php?rest_route=\/wp\/v2\/posts"}],"about":[{"href":"https:\/\/www.magyarkeresztur.hu\/index.php?rest_route=\/wp\/v2\/types\/post"}],"author":[{"embeddable":true,"href":"https:\/\/www.magyarkeresztur.hu\/index.php?rest_route=\/wp\/v2\/users\/1"}],"replies":[{"embeddable":true,"href":"https:\/\/www.magyarkeresztur.hu\/index.php?rest_route=%2Fwp%2Fv2%2Fcomments&post=2882"}],"version-history":[{"count":0,"href":"https:\/\/www.magyarkeresztur.hu\/index.php?rest_route=\/wp\/v2\/posts\/2882\/revisions"}],"wp:attachment":[{"href":"https:\/\/www.magyarkeresztur.hu\/index.php?rest_route=%2Fwp%2Fv2%2Fmedia&parent=2882"}],"wp:term":[{"taxonomy":"category","embeddable":true,"href":"https:\/\/www.magyarkeresztur.hu\/index.php?rest_route=%2Fwp%2Fv2%2Fcategories&post=2882"},{"taxonomy":"post_tag","embeddable":true,"href":"https:\/\/www.magyarkeresztur.hu\/index.php?rest_route=%2Fwp%2Fv2%2Ftags&post=2882"}],"curies":[{"name":"wp","href":"https:\/\/api.w.org\/{rel}","templated":true}]}}